{"id":8523,"count":467,"description":"Eletroencefalografia (EEG) \u00e9 um m\u00e9todo de monitoramento eletrofisiol\u00f3gico que \u00e9 utilizado para registrar a atividade el\u00e9trica do c\u00e9rebro. Trata-se de um m\u00e9todo normalmente n\u00e3o-invasivo, com eletrodos colocados no couro cabeludo, muito embora haja alguns m\u00e9todos utilizados em aplica\u00e7\u00f5es espec\u00edficas que s\u00e3o invasivos. A EEG mede as flutua\u00e7\u00f5es de tens\u00e3o resultante da corrente i\u00f4nica dentro dos neur\u00f4nios do c\u00e9rebro. Dentro de contextos cl\u00ednicos, a EEG refere-se \u00e0 grava\u00e7\u00e3o da atividade el\u00e9trica espont\u00e2nea do c\u00e9rebro durante um per\u00edodo de tempo, como a registrada a partir de m\u00faltiplos eletrodos colocados sobre o couro cabeludo. Aplicativos de diagn\u00f3stico normalmente focam no conte\u00fado espectral da EEG, isto \u00e9, no tipo de oscila\u00e7\u00f5es neurais (popularmente chamadas de \"ondas cerebrais\") que podem ser observadas em sinais de EEG. A maioria dos sinais cerebrais observados situam-se entre os 1 e 20 hertz.\n \n \n \n A EEG \u00e9 frequentemente utilizada para o diagn\u00f3stico de epilepsia, o que traz algumas anormalidades nas leituras dos exames de EEG. Tais exames tamb\u00e9m s\u00e3o usados ainda para diagnosticar dist\u00farbios do sono, coma, espongiformes e a morte cerebral. A EEG \u00e9 usada para como primeira op\u00e7\u00e3o de exame para diagn\u00f3stico de tumores, acidente vascular cerebral e outros dist\u00farbios cerebrais, mas esse \u00faltimo uso tem diminu\u00eddo com o advento da alta-resolu\u00e7\u00e3o anat\u00f4mica de t\u00e9cnicas de imagem como a resson\u00e2ncia magn\u00e9tica (RM) e tomografia computadorizada (TC). Apesar das limita\u00e7\u00f5es de resolu\u00e7\u00e3o espacial, a EEG continua a ser uma ferramenta valiosa para a investiga\u00e7\u00e3o e o diagn\u00f3stico, especialmente quando \u00e9 necess\u00e1rio um intervalo de resolu\u00e7\u00e3o temporal na ordem de (o que n\u00e3o \u00e9 poss\u00edvel com a tomografia computadorizada ou resson\u00e2ncia magn\u00e9tica).\n \n \n \n T\u00e9cnicas derivadas da EEG incluem potenciais evocados (PE), que por sua vez envolvem a m\u00e9dia da EEG de tempo de atividade-bloqueada para a apresenta\u00e7\u00e3o de um algum tipo de est\u00edmulo (visual, somatossensorial, ou auditivo). Evento-potenciais relacionados com (ERPs) referem-se \u00e0 m\u00e9dia de EEG respostas que s\u00e3o bloqueados para mais complexo o processamento de est\u00edmulos; esta t\u00e9cnica \u00e9 usada na ci\u00eancia cognitiva, psicologia cognitiva, e psicofisiol\u00f3gicos de pesquisa.\n \n \n \n Procedimento\n \n Colocando-se el\u00e9ctrodos em posi\u00e7\u00f5es predefinidas ou na utiliza\u00e7\u00e3o do sistema internacional 10-20 sobre o couro cabeludo do paciente, um amplificador aumenta a intensidade dos potenciais el\u00e9ctricos que posteriormente ser\u00e3o plotados num gr\u00e1fico anal\u00f3gico ou digital, dependendo do equipamento. As altera\u00e7\u00f5es dos padr\u00f5es da normalidade, permitem ao m\u00e9dico fazer a correla\u00e7\u00e3o cl\u00ednica com os achados do EEG (Eletroencefalografia). Podemos observar descargas de ondas anormais em forma de pontas por exemplo (picos de onda), complexos ponta-onda ou actividades lentas focais ou generalizadas. As indica\u00e7\u00f5es destes exames s\u00e3o: avalia\u00e7\u00e3o inicial de s\u00edndromes epil\u00e9pticas, avalia\u00e7\u00e3o de coma, morte encef\u00e1lica, intoxica\u00e7\u00f5es, encefalites, s\u00edndromes demenciais, crises n\u00e3o epil\u00e9pticas e dist\u00farbios metab\u00f3licos.\n \n \n \n Padr\u00f5es de atividade eletrogr\u00e1ficos podem ser identificados, altera\u00e7\u00f5es tipo: os \"grafoelementos epileptiformes\", \"ondas lentas\", \"atenua\u00e7\u00e3o\", \"depress\u00e3o\" da atividade el\u00e9trica ou \"atividade peri\u00f3dica\" nem sempre indicam patologias distintas. Uma mesma altera\u00e7\u00e3o eletroencefalogr\u00e1fica pode indicar diferentes enfermidades, apesar da regularidade de associa\u00e7\u00e3o de alguns sinais, como por exemplo os que indicam as altera\u00e7\u00f5es de consci\u00eancia do \"coma\"\n \n \n \n Uma evolu\u00e7\u00e3o do EEG s\u00e3o os sistemas digitais que fazem a an\u00e1lise quantitativa do EEG, bem como o mapeamento topogr\u00e1fico dos potenciais normais e patol\u00f3gicos.\n \n \n \n Eletroencefalografia sistema 10-2021 electrodes of International 10-20 system for EEG.svg\n \n O sistema internacional 10-20 \u00e9 utilizado no mapeamento das posi\u00e7\u00f5es onde ser\u00e3o fixados os eletrodos para registrar os sinais do Eletroencefalograma.\n \n \n \n O sistema internacional 10-20 utiliza 21 pontos que s\u00e3o marcados dividindo o cr\u00e2nio em propor\u00e7\u00f5es de 10% ou 20% do comprimento das dist\u00e2ncias entre os pontos de refer\u00eancia, nasion e inion no plano medial e os pontos pr\u00e9-auriculares no plano perpendicular ao cr\u00e2nio. A nomenclatura dos pontos \u00e9 dada de acordo com a regi\u00e3o em que est\u00e3o localizados, Fp = frontal polar, F = frontal, T = temporal, C = central, P = parietal e O = occipital. Os pontos localizados sobre a linha m\u00e9dia s\u00e3o indexados pela letra \u201cz\u201d, de \u201czero\u201d, os pontos localizados do lado esquerdo da linha m\u00e9dia por \u00edndices \u00edmpares e \u00e0 direita por \u00edndices pares.\n \n \n \n Na determina\u00e7\u00e3o das posi\u00e7\u00f5es s\u00e3o usados dois pontos de refer\u00eancia, o nasion localizado no topo do nariz entre as sobrancelhas e o inion que fica na base do cr\u00e2nio atr\u00e1s da cabe\u00e7a. A dist\u00e2ncia desses dois pontos \u00e9 medida e a partir deles s\u00e3o marcados os pontos sobre a linha mediana do cr\u00e2nio, Fpz e Oz com 10% da dist\u00e2ncia entre o nasion e o inion e os pontos Fz, Cz e Pz com 20% desta dist\u00e2ncia.\n \n \n \n Dois outros pontos imagin\u00e1rios situados nas regi\u00f5es pr\u00e9-auriculares s\u00e3o utilizados, tra\u00e7a-se uma linha entre estes pontos passando pelo ponto Cz, localizado no centro do cr\u00e2nio sobre a linha m\u00e9dia, e utilizamos esta dist\u00e2ncia para marcarmos os pontos T3 e T4 situados a 10% e os pontos C3 e C4 situados a 20% desta dist\u00e2ncia.\n \n \n \n Em seguida tra\u00e7amos uma linha entre os pontos Fpz e Oz passando pelo ponto T3, medimos esta dist\u00e2ncia e marcamos os pontos Fp1 e O1 com 10% e os pontos F7 e T5 com 20% desta dist\u00e2ncia, com este mesmo procedimento marcamos os pontos Fp2, F8, T6 e O2 do lado direito.\n \n \n \n Os pontos F3, F4, P3 e P4 s\u00e3o localizados de forma eq\u00fcidistante dos pontos vizinhos.\n \n \n \n Hist\u00f3ria\n \n \n \n A primeira grava\u00e7\u00e3o de EEG em seres humanos obtida por Hans Berger, no ano de 1924. A linha superior \u00e9 EEG, e a inferior \u00e9 de 10 Hz, o sinal temporal.\n \n \n \n Hans Berger\n \n A hist\u00f3ria dos exames de EEG \u00e9 detalhada por Barbara E. Swartz em Electroencephalography and Clinical Neurophysiology. Em 1875, Richard Caton (1842-1926), m\u00e9dico atuando na cidade de Liverpool, apresentou suas conclus\u00f5es sobre os fen\u00f4menos el\u00e9tricos dos hemisf\u00e9rios cerebrais expostos de coelhos e macacos no British Medical Journal. J\u00e1 em 1890, fisiologista polon\u00eas Adolf Beck publicou uma pesquisa sobre a atividade el\u00e9trica espont\u00e2nea do c\u00e9rebro de coelhos e c\u00e3es, que incluiu oscila\u00e7\u00f5es r\u00edtmicas alteradas pela luz. Beck come\u00e7ou suas experi\u00eancias sobre a atividade el\u00e9trica cerebral dos animais colocando eletrodos diretamente na superf\u00edcie do c\u00e9rebro desses animais para testar a estimula\u00e7\u00e3o sensorial. A sua observa\u00e7\u00e3o da flutua\u00e7\u00e3o da atividade do c\u00e9rebro levaram \u00e0 conclus\u00e3o do modelo das ondas cerebrais.\n \n \n \n No ano de 1912, o fisiologista ucraniano Vladimir Vladimirovich Pravdich-Neminsky publicou o primeiro exame de EEG de um animal e o potencial evocado de mam\u00edferos, que no caso tratava-se de um c\u00e3o. Em 1914, Napole\u00e3o Cybulski e Jelenska-Macieszyna fotografaram grava\u00e7\u00f5es de EEG de experimenta\u00e7\u00f5es de convuls\u00f5es induzidas.\n \n \n \n O procedimento foi descrito pela primeira vez pelo fisiologista alem\u00e3o Emil du Bois-Reymond. Ele descobriu que a propaga\u00e7\u00e3o do est\u00edmulo nervoso resultava no surgimento de uma corrente el\u00e9trica. Coube, no entanto, ao psiquiatra Hans Berger (1873-1941), de Jena, na Alemanha, o m\u00e9rito de registrar o primeiro exame de EEG em um ser humano no ano de 1924. Ele obteve a primeira imagem gr\u00e1fica das corrente el\u00e9tricas do c\u00e9rebro atrav\u00e9s da pele intacta da cabe\u00e7a de um homem, m\u00e9todo que desenvolveu em suas pesquisas sobre a psicof\u00edsica e psicofisiologia dos estados an\u00edmicos. Seus trabalhos foram publicados entre 1929 e 1938, e n\u00e3o muito aceitos imediatamente em sua terra natal. Expandindo trabalhos anteriormente realizados em animais por Richard Caton e outros, Berger tamb\u00e9m inventou o eletroencefalograma (dando ao dispositivo seu nome), uma inven\u00e7\u00e3o descrita \"como uma das mais surpreendentes, extraordin\u00e1rias e importantes avan\u00e7os na hist\u00f3ria da neurologia cl\u00ednica\". Suas descobertas foram confirmadas em 1934 pelos cientistas brit\u00e2nicos Edgar Douglas Adrian e B. H. C. Matthews, que seguiram desenvolvendo as pesquisas.\n \n \n \n Em 1932, A. E. Kornm\u00fcller descreveu a exist\u00eancia de diferen\u00e7as na atividade el\u00e9trica nas distintas \u00e1reas do c\u00f3rtex cerebral e tamb\u00e9m pela primeira vez registrou a descri\u00e7\u00e3o das descargas de correntes convulsivantes nos epil\u00e9pticos. F. A. Gibbs, H. Davis e W. G. Lennox, dando continuidade ao seu trabalho, identificaram o complexo ponta de onda (3 por segundo) com o pequeno mal dos epil\u00e9pticos. Grey Walter em Londres, em 1936, estabeleceu a t\u00e9cnica de localiza\u00e7\u00e3o de tumores com o EEG.\n \n \n \n Eeg raw.svg\n \n Em 1934, Fisher e Lowenback demonstraram pela primeira vez disparos \"''epilepticoformes''\". No ano seguinte, 1935, Gibbs, Davis e Lennox descreveram inter -ictal pico de ondas e os tr\u00eas ciclos\/s padr\u00e3o de cl\u00ednica crises de aus\u00eancia, que come\u00e7ou o campo da cl\u00ednica eletroencefalografia. Posteriormente, em 1936, Gibbs e Jasper relataram o pico interictal como o centro de assinatura de epilepsia. No mesmo ano, o primeiro laborat\u00f3rio de EEG foi aberto no Hospital Geral de Massachusetts.\n \n \n \n Berger obteve um reconhecimento p\u00fablico por seu trabalho em 1937 no I Congresso Internacional de Psicologia ocorrido nesse ano em Paris. Contudo, por sua difus\u00e3o principalmente no Canad\u00e1, Estados Unidos e Gr\u00e3 Bretanha, em meados da d\u00e9cada de 1950, a eletroencefalografia j\u00e1 estava access\u00edvel nas cl\u00ednicas m\u00e9dicas.\n \n \n \n Franklin Offner (1911-1999), professor do departamento de biof\u00edsica na Universidade de Northwestern, desenvolveu um prot\u00f3tipo de EEG que incorporava um piezoelectric inkwriter chamado Crystograph (o dispositivo como um todo era conhecido como o Offner Dynograph).\n \n \n \n Em 1947, A Sociedade Americana de EEG foi fundada e o primeiro Congresso Internacional de EEG foi realizado. Em 1953 Aserinsky e Kleitman descreveram o sono REM.\n \n \n \n Na d\u00e9cada de 1950, William Grey Walter desenvolveu um auxiliar de EEG chamado de EEG topografia, o que permitiu o mapeamento da atividade el\u00e9trica atrav\u00e9s da superf\u00edcie do c\u00e9rebro. Isso permitiu um breve per\u00edodo de popularidade na d\u00e9cada de 1980 e parecia especialmente promissor para a psiquiatria. Ele nunca foi aceito pelos neurologistas e continua a ser, principalmente, uma ferramenta de pesquisa.\n \n \n \n O princ\u00edpio b\u00e1sico de obten\u00e7\u00e3o dos tra\u00e7ados eletroencefalogr\u00e1ficos \u00e9 a amplifica\u00e7\u00e3o dos sinais el\u00e9tricos captados do escalpo por meio de potentes circuitos amplificadores, chamados de amplificadores diferenciais. Estes circuitos s\u00e3o capazes de amplificar diferen\u00e7as de potencial entre dois pontos do escalpo, um de maior e outro de menor voltagem, gerando posteriormente um tra\u00e7ado gr\u00e1fico que pode ser impresso em papel atrav\u00e9s de penas ou, mais modernamente, visualizado na tela de um computador, ap\u00f3s a convers\u00e3o anal\u00f3gico-digital. Para este fim, atualmente, s\u00e3o utilizados softwares conhecidos como EEG Digital, como, por exemplo, o EEG-Holter. O EEG-Holter \u00e9 um software livre e aberto para a pr\u00e1tica da eletroencefalografia digital.\n \n \n \n Princ\u00edpios de avalia\u00e7\u00e3o\n \n Ver artigo principal: Onda\n \n \n \n {displaystyle 1}1 = Elementos de uma onda\n \n {displaystyle 2}2 = Dist\u00e2ncia\n \n {displaystyle 3}3 = Deslocamento\n \n {displaystyle lambda }lambda = Comprimento de onda\n \n {displaystyle gamma }gamma = Amplitude\n \n Ondas podem ser descritas usando um n\u00famero de vari\u00e1veis, incluindo: frequ\u00eancia, comprimento de onda, amplitude e per\u00edodo.\n \n \n \n A amplitude de uma onda \u00e9 a medida da magnitude de um dist\u00farbio em um meio durante um ciclo de onda. Por exemplo, ondas em uma corda t\u00eam sua amplitude expressada como uma dist\u00e2ncia (metros), ondas de som como press\u00e3o (pascals) e ondas eletromagn\u00e9ticas como a amplitude de um campo el\u00e9trico (volts por metro). A amplitude pode ser constante (neste caso, a onda \u00e9 uma onda cont\u00ednua), ou pode variar com tempo e\/ou posi\u00e7\u00e3o. A forma desta varia\u00e7\u00e3o \u00e9 o envelope da onda.\n \n \n \n O per\u00edodo \u00e9 o tempo (T) de um ciclo completo de uma oscila\u00e7\u00e3o de uma onda. A frequ\u00eancia (F) \u00e9 per\u00edodo dividido por uma unidade de tempo (exemplo: um segundo), e \u00e9 expressa em hertz. Veja abaixo:\n \n \n \n {displaystyle f={frac {1}{T}}}f={frac {1}{T}}.\n \n Quando ondas s\u00e3o expressas matematicamente, a frequ\u00eancia angular (\u00f4mega; radianos por segundo) \u00e9 constantemente usada, relacionada com frequ\u00eancia f em:\n \n \n \n {displaystyle f={frac {omega }{2pi }}}f={frac {omega }{2pi }}.\n \n A partir de seu ciclo no eletroencefalograma, distinguem-se basicamente quatro tipos de onda mental:\n \n \n \n Beta: 14 - 30 oscila\u00e7\u00f5es por segundo (ocorrem no estado normal de vig\u00edlia)\n \n Alfa: 08 - 13 oscila\u00e7\u00f5es por segundo (ocorrem em estados mentais relaxados e no sono)\n \n Teta: 04 - 07 oscila\u00e7\u00f5es por segundo (ocorrem em medita\u00e7\u00e3o e relaxamento profundo)\n \n Delta: 0,5 - 03 oscila\u00e7\u00f5es por segundo (ocorrem em momentos de sono profundo)\n \n Ficheiro:Intra--and-Inter-Brain-Synchronization-during-Musical-Improvisation-on-the-Guitar-pone.0073852.s012.ogv\n \n Grava\u00e7\u00e3o simult\u00e2nea de v\u00eddeo e EEG de dois guitarristas improvisando.\n \n De acordo com Kugler, os limites entre as referidas frequ\u00eancias foram estabelecidos mais ou menos arbitrariamente, n\u00e3o possuindo um valor exato. Um ciclo de 14 oscila\u00e7\u00f5es por segundo, por exemplo, pode indicar tanto uma onda alfa r\u00e1pida como uma beta lenta. Ainda segundo esse autor, as ondas sub-delta com ciclos inferiores 0,5 oscila\u00e7\u00f5es por segundo e as ondas gama de mais de 30 oscila\u00e7\u00f5es por segundo t\u00eam import\u00e2ncia secund\u00e1ria na pr\u00e1tica corrente.\n \n \n \n A interpreta\u00e7\u00e3o do EEG baseia-se na associa\u00e7\u00e3o das referidos frequ\u00eancias de onda aos estados fisiol\u00f3gicos naturais do ciclo de sono, sonhos e vig\u00edlia e a detec\u00e7\u00e3o de grafoelementos anormais associados por sua vez a patologias espec\u00edficas e altera\u00e7\u00f5es do metabolismo do enc\u00e9falo.\n \n \n \n Novas formas de interpreta\u00e7\u00e3o foram propostas a partir dos estudo de Norbert Wiener (1894 \u2014 1964) sobre comunica\u00e7\u00e3o e controle no animal e na m\u00e1quina (cibern\u00e9tica), inclusive com modelos de an\u00e1lise matem\u00e1tica (aplica\u00e7\u00e3o da transformada r\u00e1pida de Fourier) do espectro de ondas cerebrais. A eletrencefalografia digital que permite a realiza\u00e7\u00e3o de an\u00e1lises quantitativa e topogr\u00e1fica ou mapeamento cerebral com distribui\u00e7\u00e3o do espectro do EEG ou considerando ambas as formas de varia\u00e7\u00e3o vem se difundindo, confirmando v\u00e1rias caracter\u00edsticas consagradas pela eletrencefalografia anal\u00f3gica.\n \n \n \n Rela\u00e7\u00e3o entre ondas mentais e atividade mental\n \n Ondas mentais de maior frequ\u00eancia, como as ondas betas, est\u00e3o associadas a atividades que exigem concentra\u00e7\u00e3o e aten\u00e7\u00e3o, como dirigir carros. J\u00e1 as ondas de menor frequ\u00eancia, como as alfas, tetas e deltas, est\u00e3o associadas a criatividade, relaxamento, bem-estar e experi\u00eancias m\u00edsticas.\n \n \n \n Uso m\u00e9dico\n \n \n \n Prepara\u00e7\u00e3o para a grava\u00e7\u00e3o de uma EEG.\n \n Uma rotina cl\u00ednica de grava\u00e7\u00e3o de EEG normalmente dura de 20 a 30 minutos (mais o tempo de prepara\u00e7\u00e3o) e, geralmente, envolve a grava\u00e7\u00e3o feita a partir de eletrodos no couro cabeludo. Uma rotina de EEG \u00e9 normalmente utilizada nas seguintes circunst\u00e2ncias cl\u00ednicas:\n \n \n \n para distinguir de epilepsia e convuls\u00f5es de outros tipos de dist\u00farbios neurol\u00f3gicos, tais como psicog\u00eanica n\u00e3o-crises de epilepsia, s\u00edncope (desmaio), dist\u00farbios do movimento sub-cortical e enxaqueca variantes.\n \n para diferenciar \"org\u00e2nico\" de encefalopatia ou del\u00edrio prim\u00e1rio, s\u00edndromes psiqui\u00e1tricas, tais como a catatonia\n \n para servir como um complemento do teste de morte cerebral\n \n para prognosticar, em certos casos, em pacientes com coma\n \n para determinar se o medicamento anti-epil\u00e9ptico pode ser retirado do tratamento\n \n \u00c0s vezes, um EEG de rotina n\u00e3o for suficiente, especialmente quando ele \u00e9 necess\u00e1rio para gravar um paciente, enquanto ele\/ela est\u00e1 tendo uma convuls\u00e3o. Neste caso, o paciente pode ser internado no hospital por dias ou at\u00e9 mesmo semanas, enquanto EEG est\u00e1 constantemente a ser gravado (juntamente com sincronismo de v\u00eddeo e grava\u00e7\u00e3o de \u00e1udio). Uma grava\u00e7\u00e3o de uma real apreens\u00e3o (i.\u00e9., um ictal de grava\u00e7\u00e3o, em vez de uma inter-ictal grava\u00e7\u00e3o de uma poss\u00edvel pacientes epil\u00e9pticos em algum per\u00edodo entre as apreens\u00f5es), pode dar-se significativamente melhor informa\u00e7\u00e3o sobre a exist\u00eancia ou n\u00e3o de uma convuls\u00e3o \u00e9 um ataque epil\u00e9ptico e o foco no c\u00e9rebro a partir do qual a atividade de apreens\u00e3o emana.\n \n \n \n para distinguir de epilepsia e convuls\u00f5es de outros tipos de transtornos neurol\u00f3gicos, tais como psicog\u00eanica n\u00e3o-crises de epilepsia, s\u00edncope (desmaio), sub-cortical dist\u00farbios do movimento e enxaqueca variantes.\n \n para caracterizar as apreens\u00f5es para fins de tratamento\n \n para localizar a regi\u00e3o do c\u00e9rebro a partir do qual uma apreens\u00e3o origin\u00e1ria para o trabalho de poss\u00edvel apreens\u00e3o cirurgia\n \n para monitorar a profundidade da anestesia\n \n como um indicador indirecto da perfus\u00e3o cerebral em carotid endarterectomy\n \n para monitorar amobarbital efeito durante o teste de Wada\n \n Compara\u00e7\u00e3o de bandas de EEG\n \n Banda Frequ\u00eancia (Hz) Localiza\u00e7\u00e3o Normalmente Patologicamente\n \n Delta intensa -&gt; estressada -&gt; obsessiva leve\n \n pensamento ativo, foco, alerta, ansiedade\n \n benzodiazepina\n \n Gamma 32 + c\u00f3rtex somatosensorial\n \n Aparece durante o processamento sensorial de modalidade cruzada (percep\u00e7\u00e3o que combina dois sentidos diferentes, tais como audi\u00e7\u00e3o e vis\u00e3o)\n \n Tamb\u00e9m \u00e9 exibida durante a correspond\u00eancia de mem\u00f3ria de curto prazo dos objetos reconhecidos, sons ou sensa\u00e7\u00f5es t\u00e1teis\n \n Uma diminui\u00e7\u00e3o da atividade de banda gama pode ser associada com o decl\u00ednio cognitivo, especialmente quando relacionada com a banda teta; No entanto, isto n\u00e3o foi provado para ser utilizado como uma medida de diagn\u00f3stico cl\u00ednico\n \n Mu 8 \u2013 12 c\u00f3rtex sens\u00f3rio-motor\n \n Aparece no estado de repouso de neur\u00f4nios motores.\n \n Supress\u00e3o de Mu poderia indicar que os neur\u00f4nios espelho motores est\u00e3o funcionando. D\u00e9ficits na supress\u00e3o de Mu, e, portanto, nos neur\u00f4nios-espelho, pode desempenhar um papel no autismo.\n \n A pr\u00e1tica de utilizar apenas n\u00fameros inteiros nas defini\u00e7\u00f5es vem a partir de considera\u00e7\u00f5es de ordem pr\u00e1tica nos dias quando s\u00f3 todo ciclos poderia ser contado de registros em papel. Isto leva a lacunas nas defini\u00e7\u00f5es, como visto em outro lugar na p\u00e1gina. As defini\u00e7\u00f5es te\u00f3ricas t\u00eam sido sempre mais cuidadosamente definido para incluir todas as frequ\u00eancias. Infelizmente, n\u00e3o h\u00e1 acordo no padr\u00e3o obras de refer\u00eancia sobre o que esses intervalos devem ser - valores para a extremidade superior do alfa e extremidade inferior do beta incluem 12,13,14 e 15.Se o limite \u00e9 tomado como 14 Hz, ent\u00e3o o mais lento beta onda tem aproximadamente a mesma dura\u00e7\u00e3o que o maior pico (70ms), o que torna este o mais \u00fatil de valor.\n \n \n \n Investiga\u00e7\u00e3o\n \n Para al\u00e9m do seu uso cl\u00ednico, registos de EEG que posteriormente s\u00e3o transformados em an\u00e1lises num\u00e9ricas resultando num registo de EEG quantitativo (QEEG), t\u00eam sido cada vez mais utilizados para investiga\u00e7\u00f5es nas \u00e1reas psicologia comportamental e social. Estes registos permitem correlacionar padr\u00f5es neuronais com determinados comportamentos sociais. Ao contr\u00e1rio da resson\u00e2ncia magn\u00e9tica (RM), a monitoriza\u00e7\u00e3o encefalogr\u00e1fica apresenta um elevado grau de resolu\u00e7\u00e3o temporal, perdendo apenas na sua resolu\u00e7\u00e3o espacial.\n \n \n \n Em 2014 um estudo de Kovalinka em pares de indiv\u00edduos demonstrou que existia uma supress\u00e3o da actividade Frontal quando a tarefa era realizada entre os pares. Tal n\u00e3o se verificou quando a tarefa exigia apenas a intera\u00e7\u00e3o entre computador e indiv\u00edduo. Ainda, esta supress\u00e3o mostrou-se mais marcada nos indiv\u00edduos identificados como lideres de cada par, comparando com o respectivo seguidor desse mesmo duo.","link":"https:\/\/www.somospopular.com.br\/exames\/eletroencefalograma\/","name":"Eletroencefalograma","slug":"eletroencefalograma","taxonomy":"categoria_parceiro","parent":0,"meta":[],"yoast_head":"<!-- This site is optimized with the Yoast SEO Premium plugin v20.9 (Yoast SEO v27.4) - https:\/\/yoast.com\/product\/yoast-seo-premium-wordpress\/ -->\n<title>Eletroencefalograma com Pre\u00e7o Popular. Eletroencefalograma - Exames e Diagn\u00f3sticos<\/title>\n<meta name=\"description\" content=\"Eletroencefalograma com Pre\u00e7o Popular. Encontre e agende com Doutor Consultas e exames Eletroencefalograma. Cl\u00ednica Popular Eletroencefalograma\" \/>\n<meta name=\"robots\" content=\"index, follow, max-snippet:-1, max-image-preview:large, max-video-preview:-1\" \/>\n<link rel=\"canonical\" href=\"https:\/\/www.somospopular.com.br\/exames\/eletroencefalograma\/\" \/>\n<meta property=\"og:locale\" content=\"pt_BR\" \/>\n<meta property=\"og:type\" content=\"article\" \/>\n<meta property=\"og:title\" content=\"Eletroencefalograma\" \/>\n<meta property=\"og:description\" content=\"Eletroencefalograma com Pre\u00e7o Popular. Encontre e agende com Doutor Consultas e exames Eletroencefalograma. Cl\u00ednica Popular Eletroencefalograma\" \/>\n<meta property=\"og:url\" content=\"https:\/\/www.somospopular.com.br\/exames\/eletroencefalograma\/\" \/>\n<meta property=\"og:site_name\" content=\"Exames e Diagn\u00f3sticos\" \/>\n<meta name=\"twitter:card\" content=\"summary_large_image\" \/>\n<script type=\"application\/ld+json\" class=\"yoast-schema-graph\">{\"@context\":\"https:\\\/\\\/schema.org\",\"@graph\":[{\"@type\":\"CollectionPage\",\"@id\":\"https:\\\/\\\/www.somospopular.com.br\\\/exames\\\/eletroencefalograma\\\/\",\"url\":\"https:\\\/\\\/www.somospopular.com.br\\\/exames\\\/eletroencefalograma\\\/\",\"name\":\"Eletroencefalograma com Pre\u00e7o Popular. Eletroencefalograma - Exames e Diagn\u00f3sticos\",\"isPartOf\":{\"@id\":\"https:\\\/\\\/www.somospopular.com.br\\\/exames\\\/#website\"},\"description\":\"Eletroencefalograma com Pre\u00e7o Popular. Encontre e agende com Doutor Consultas e exames Eletroencefalograma. Cl\u00ednica Popular Eletroencefalograma\",\"breadcrumb\":{\"@id\":\"https:\\\/\\\/www.somospopular.com.br\\\/exames\\\/eletroencefalograma\\\/#breadcrumb\"},\"inLanguage\":\"pt-BR\"},{\"@type\":\"BreadcrumbList\",\"@id\":\"https:\\\/\\\/www.somospopular.com.br\\\/exames\\\/eletroencefalograma\\\/#breadcrumb\",\"itemListElement\":[{\"@type\":\"ListItem\",\"position\":1,\"name\":\"Exames\",\"item\":\"https:\\\/\\\/www.somospopular.com.br\\\/exames\\\/\"},{\"@type\":\"ListItem\",\"position\":2,\"name\":\"Parceiros\",\"item\":\"https:\\\/\\\/www.somospopular.com.br\\\/exames\\\/negocio\\\/\"},{\"@type\":\"ListItem\",\"position\":3,\"name\":\"Eletroencefalograma\"}]},{\"@type\":\"WebSite\",\"@id\":\"https:\\\/\\\/www.somospopular.com.br\\\/exames\\\/#website\",\"url\":\"https:\\\/\\\/www.somospopular.com.br\\\/exames\\\/\",\"name\":\"Exames e Diagn\u00f3sticos - Somos Popular\",\"description\":\"Somos Popular\",\"publisher\":{\"@id\":\"https:\\\/\\\/www.somospopular.com.br\\\/exames\\\/#organization\"},\"potentialAction\":[{\"@type\":\"SearchAction\",\"target\":{\"@type\":\"EntryPoint\",\"urlTemplate\":\"https:\\\/\\\/www.somospopular.com.br\\\/exames\\\/?s={search_term_string}\"},\"query-input\":{\"@type\":\"PropertyValueSpecification\",\"valueRequired\":true,\"valueName\":\"search_term_string\"}}],\"inLanguage\":\"pt-BR\"},{\"@type\":\"Organization\",\"@id\":\"https:\\\/\\\/www.somospopular.com.br\\\/exames\\\/#organization\",\"name\":\"Exames e Diagn\u00f3sticos - Somos Popular\",\"url\":\"https:\\\/\\\/www.somospopular.com.br\\\/exames\\\/\",\"logo\":{\"@type\":\"ImageObject\",\"inLanguage\":\"pt-BR\",\"@id\":\"https:\\\/\\\/www.somospopular.com.br\\\/exames\\\/#\\\/schema\\\/logo\\\/image\\\/\",\"url\":\"https:\\\/\\\/www.somospopular.com.br\\\/exames\\\/wp-content\\\/uploads\\\/sites\\\/9\\\/2022\\\/05\\\/somos-popular-logo-80.webp\",\"contentUrl\":\"https:\\\/\\\/www.somospopular.com.br\\\/exames\\\/wp-content\\\/uploads\\\/sites\\\/9\\\/2022\\\/05\\\/somos-popular-logo-80.webp\",\"width\":325,\"height\":80,\"caption\":\"Exames e Diagn\u00f3sticos - Somos Popular\"},\"image\":{\"@id\":\"https:\\\/\\\/www.somospopular.com.br\\\/exames\\\/#\\\/schema\\\/logo\\\/image\\\/\"}}]}<\/script>\n<!-- \/ Yoast SEO Premium plugin. -->","yoast_head_json":{"title":"Eletroencefalograma com Pre\u00e7o Popular. Eletroencefalograma - Exames e Diagn\u00f3sticos","description":"Eletroencefalograma com Pre\u00e7o Popular. Encontre e agende com Doutor Consultas e exames Eletroencefalograma. Cl\u00ednica Popular Eletroencefalograma","robots":{"index":"index","follow":"follow","max-snippet":"max-snippet:-1","max-image-preview":"max-image-preview:large","max-video-preview":"max-video-preview:-1"},"canonical":"https:\/\/www.somospopular.com.br\/exames\/eletroencefalograma\/","og_locale":"pt_BR","og_type":"article","og_title":"Eletroencefalograma","og_description":"Eletroencefalograma com Pre\u00e7o Popular. Encontre e agende com Doutor Consultas e exames Eletroencefalograma. Cl\u00ednica Popular Eletroencefalograma","og_url":"https:\/\/www.somospopular.com.br\/exames\/eletroencefalograma\/","og_site_name":"Exames e Diagn\u00f3sticos","twitter_card":"summary_large_image","schema":{"@context":"https:\/\/schema.org","@graph":[{"@type":"CollectionPage","@id":"https:\/\/www.somospopular.com.br\/exames\/eletroencefalograma\/","url":"https:\/\/www.somospopular.com.br\/exames\/eletroencefalograma\/","name":"Eletroencefalograma com Pre\u00e7o Popular. Eletroencefalograma - Exames e Diagn\u00f3sticos","isPartOf":{"@id":"https:\/\/www.somospopular.com.br\/exames\/#website"},"description":"Eletroencefalograma com Pre\u00e7o Popular. Encontre e agende com Doutor Consultas e exames Eletroencefalograma. Cl\u00ednica Popular Eletroencefalograma","breadcrumb":{"@id":"https:\/\/www.somospopular.com.br\/exames\/eletroencefalograma\/#breadcrumb"},"inLanguage":"pt-BR"},{"@type":"BreadcrumbList","@id":"https:\/\/www.somospopular.com.br\/exames\/eletroencefalograma\/#breadcrumb","itemListElement":[{"@type":"ListItem","position":1,"name":"Exames","item":"https:\/\/www.somospopular.com.br\/exames\/"},{"@type":"ListItem","position":2,"name":"Parceiros","item":"https:\/\/www.somospopular.com.br\/exames\/negocio\/"},{"@type":"ListItem","position":3,"name":"Eletroencefalograma"}]},{"@type":"WebSite","@id":"https:\/\/www.somospopular.com.br\/exames\/#website","url":"https:\/\/www.somospopular.com.br\/exames\/","name":"Exames e Diagn\u00f3sticos - Somos Popular","description":"Somos Popular","publisher":{"@id":"https:\/\/www.somospopular.com.br\/exames\/#organization"},"potentialAction":[{"@type":"SearchAction","target":{"@type":"EntryPoint","urlTemplate":"https:\/\/www.somospopular.com.br\/exames\/?s={search_term_string}"},"query-input":{"@type":"PropertyValueSpecification","valueRequired":true,"valueName":"search_term_string"}}],"inLanguage":"pt-BR"},{"@type":"Organization","@id":"https:\/\/www.somospopular.com.br\/exames\/#organization","name":"Exames e Diagn\u00f3sticos - Somos Popular","url":"https:\/\/www.somospopular.com.br\/exames\/","logo":{"@type":"ImageObject","inLanguage":"pt-BR","@id":"https:\/\/www.somospopular.com.br\/exames\/#\/schema\/logo\/image\/","url":"https:\/\/www.somospopular.com.br\/exames\/wp-content\/uploads\/sites\/9\/2022\/05\/somos-popular-logo-80.webp","contentUrl":"https:\/\/www.somospopular.com.br\/exames\/wp-content\/uploads\/sites\/9\/2022\/05\/somos-popular-logo-80.webp","width":325,"height":80,"caption":"Exames e Diagn\u00f3sticos - Somos Popular"},"image":{"@id":"https:\/\/www.somospopular.com.br\/exames\/#\/schema\/logo\/image\/"}}]}},"_links":{"self":[{"href":"https:\/\/www.somospopular.com.br\/exames\/wp-json\/wp\/v2\/categoria_parceiro\/8523","targetHints":{"allow":["GET"]}}],"collection":[{"href":"https:\/\/www.somospopular.com.br\/exames\/wp-json\/wp\/v2\/categoria_parceiro"}],"about":[{"href":"https:\/\/www.somospopular.com.br\/exames\/wp-json\/wp\/v2\/taxonomies\/categoria_parceiro"}],"wp:post_type":[{"href":"https:\/\/www.somospopular.com.br\/exames\/wp-json\/wp\/v2\/negocio?categoria_parceiro=8523"}],"curies":[{"name":"wp","href":"https:\/\/api.w.org\/{rel}","templated":true}]}}